{"id":8793,"date":"2026-04-14T18:00:10","date_gmt":"2026-04-14T16:00:10","guid":{"rendered":"https:\/\/familientreff-sg.ch\/?p=8793"},"modified":"2026-04-14T18:13:36","modified_gmt":"2026-04-14T16:13:36","slug":"grittibaenz-selber-machen","status":"publish","type":"post","link":"https:\/\/familientreff-sg.ch\/?p=8793","title":{"rendered":"Grittib\u00e4nz selber machen"},"content":{"rendered":"\n<p>In der Vorweihnachtszeit wurde es auch dieses Jahr wieder richtig lebendig in der&nbsp;<strong>Backstube der Familie Weder<\/strong>. F\u00fcnfzehn St. Ge\u00f6rgler-Kinder durften in der B\u00e4ckerei Weder ihren eigenen Grittib\u00e4nz herstellen. Dieses Mal waren Kindergarten- und Primarschulkinder gemeinsam dabei und halfen sich gegenseitig.<br>Mit flinken H\u00e4nden entstanden unter der Anleitung von Philipp Weder ganz unterschiedliche Figuren: manche mit langen Beinen, andere liebevoll mit Rosinen und einige mit besonders viel Hagelzucker. Danach hiess es warten, bis die Grittib\u00e4nze im grossen Ofen goldbraun gebacken waren und die Backstube herrlich duftete. Zwischendurch nahm uns Philipp Weder mit auf eine spannende Entdeckungstour durch den Betrieb und gab Einblick in den Alltag einer B\u00e4ckerei.<br>Ein herzliches Dankesch\u00f6n an Familie Weder f\u00fcr die erneute Gastfreundschaft und dieses sch\u00f6ne Erlebnis!<br>Steffi Leimeister, Maja Martitsch und Sabine Nef f\u00fcr den Familientreff St. Georgen<\/p>\n\n\n\nngg_shortcode_0_placeholder\n","protected":false},"excerpt":{"rendered":"<p>In der Vorweihnachtszeit wurde es auch dieses Jahr wieder richtig [&hellip;]<\/p>\n","protected":false},"author":1,"featured_media":8796,"comment_status":"open","ping_status":"closed","sticky":false,"template":"","format":"standard","meta":{"ngg_post_thumbnail":0,"footnotes":""},"categories":[38,71],"tags":[],"class_list":["post-8793","post","type-post","status-publish","format-standard","has-post-thumbnail","hentry","category-rueckblicke","category-rueckblicke-2025"],"_links":{"self":[{"href":"https:\/\/familientreff-sg.ch\/index.php?rest_route=\/wp\/v2\/posts\/8793","targetHints":{"allow":["GET"]}}],"collection":[{"href":"https:\/\/familientreff-sg.ch\/index.php?rest_route=\/wp\/v2\/posts"}],"about":[{"href":"https:\/\/familientreff-sg.ch\/index.php?rest_route=\/wp\/v2\/types\/post"}],"author":[{"embeddable":true,"href":"https:\/\/familientreff-sg.ch\/index.php?rest_route=\/wp\/v2\/users\/1"}],"replies":[{"embeddable":true,"href":"https:\/\/familientreff-sg.ch\/index.php?rest_route=%2Fwp%2Fv2%2Fcomments&post=8793"}],"version-history":[{"count":2,"href":"https:\/\/familientreff-sg.ch\/index.php?rest_route=\/wp\/v2\/posts\/8793\/revisions"}],"predecessor-version":[{"id":8806,"href":"https:\/\/familientreff-sg.ch\/index.php?rest_route=\/wp\/v2\/posts\/8793\/revisions\/8806"}],"wp:featuredmedia":[{"embeddable":true,"href":"https:\/\/familientreff-sg.ch\/index.php?rest_route=\/wp\/v2\/media\/8796"}],"wp:attachment":[{"href":"https:\/\/familientreff-sg.ch\/index.php?rest_route=%2Fwp%2Fv2%2Fmedia&parent=8793"}],"wp:term":[{"taxonomy":"category","embeddable":true,"href":"https:\/\/familientreff-sg.ch\/index.php?rest_route=%2Fwp%2Fv2%2Fcategories&post=8793"},{"taxonomy":"post_tag","embeddable":true,"href":"https:\/\/familientreff-sg.ch\/index.php?rest_route=%2Fwp%2Fv2%2Ftags&post=8793"}],"curies":[{"name":"wp","href":"https:\/\/api.w.org\/{rel}","templated":true}]}}