{"id":6050,"date":"2023-04-29T10:09:43","date_gmt":"2023-04-29T08:09:43","guid":{"rendered":"https:\/\/familientreff-sg.ch\/?p=6050"},"modified":"2023-04-29T10:10:37","modified_gmt":"2023-04-29T08:10:37","slug":"kinderkleiderboerse-fruehling-sommer-2023","status":"publish","type":"post","link":"https:\/\/familientreff-sg.ch\/?p=6050","title":{"rendered":"Kinderkleiderb\u00f6rse Fr\u00fchling\/Sommer 2023"},"content":{"rendered":"\n<p>An der diesj\u00e4hrigen Kinderkleiderb\u00f6rse konnten wir im evang. Kirchgemeindehaus einen sehr erfolgreichen B\u00f6rsennachmittag erleben. Gut erhaltene und sch\u00f6ne Kleider, Schuhe und tolle Spielsachen fanden ein neues Pl\u00e4tzli und k\u00f6nnen weiter genutzt werden. Nach dem Shopping gab es Kaffee und leckeren Kuchen serviert von unserem engagierten Kinder-Kuchen-Team.&nbsp;<\/p>\n\n\n\n<p>Die Spende von CHF 1\u2019200.- \u00fcberweisen wir dieses Mal an die Mutter-Kind-Begleitung St. Gallen (<a href=\"http:\/\/www.kjh.ch\/angebote\/mutter-kind-begleitung\/\">http:\/\/www.kjh.ch\/angebote\/mutter-kind-begleitung\/<\/a>).&nbsp;<\/p>\n\n\n\n<p>Es war ein toller B\u00f6rsennachmittag und wir danken an dieser Stelle allen fleissigen Helfer und Helferinnen f\u00fcr Ihre tatkr\u00e4ftige Unterst\u00fctzung.<\/p>\n\n\n\nngg_shortcode_0_placeholder\n","protected":false},"excerpt":{"rendered":"<p>An der diesj\u00e4hrigen Kinderkleiderb\u00f6rse konnten wir im evang. Kirchgemeindehaus einen [&hellip;]<\/p>\n","protected":false},"author":1,"featured_media":6052,"comment_status":"open","ping_status":"closed","sticky":false,"template":"","format":"standard","meta":{"ngg_post_thumbnail":4382,"footnotes":""},"categories":[38,52],"tags":[],"class_list":["post-6050","post","type-post","status-publish","format-standard","has-post-thumbnail","hentry","category-rueckblicke","category-rueckblicke-2023"],"_links":{"self":[{"href":"https:\/\/familientreff-sg.ch\/index.php?rest_route=\/wp\/v2\/posts\/6050","targetHints":{"allow":["GET"]}}],"collection":[{"href":"https:\/\/familientreff-sg.ch\/index.php?rest_route=\/wp\/v2\/posts"}],"about":[{"href":"https:\/\/familientreff-sg.ch\/index.php?rest_route=\/wp\/v2\/types\/post"}],"author":[{"embeddable":true,"href":"https:\/\/familientreff-sg.ch\/index.php?rest_route=\/wp\/v2\/users\/1"}],"replies":[{"embeddable":true,"href":"https:\/\/familientreff-sg.ch\/index.php?rest_route=%2Fwp%2Fv2%2Fcomments&post=6050"}],"version-history":[{"count":1,"href":"https:\/\/familientreff-sg.ch\/index.php?rest_route=\/wp\/v2\/posts\/6050\/revisions"}],"predecessor-version":[{"id":6051,"href":"https:\/\/familientreff-sg.ch\/index.php?rest_route=\/wp\/v2\/posts\/6050\/revisions\/6051"}],"wp:featuredmedia":[{"embeddable":true,"href":"https:\/\/familientreff-sg.ch\/index.php?rest_route=\/wp\/v2\/media\/6052"}],"wp:attachment":[{"href":"https:\/\/familientreff-sg.ch\/index.php?rest_route=%2Fwp%2Fv2%2Fmedia&parent=6050"}],"wp:term":[{"taxonomy":"category","embeddable":true,"href":"https:\/\/familientreff-sg.ch\/index.php?rest_route=%2Fwp%2Fv2%2Fcategories&post=6050"},{"taxonomy":"post_tag","embeddable":true,"href":"https:\/\/familientreff-sg.ch\/index.php?rest_route=%2Fwp%2Fv2%2Ftags&post=6050"}],"curies":[{"name":"wp","href":"https:\/\/api.w.org\/{rel}","templated":true}]}}