{"id":5972,"date":"2023-03-11T10:09:32","date_gmt":"2023-03-11T09:09:32","guid":{"rendered":"https:\/\/familientreff-sg.ch\/?p=5972"},"modified":"2023-03-11T10:27:22","modified_gmt":"2023-03-11T09:27:22","slug":"kinderfasnachtsumzug","status":"publish","type":"post","link":"https:\/\/familientreff-sg.ch\/?p=5972","title":{"rendered":"Kinderfasnachtsumzug"},"content":{"rendered":"\n<p>Herzlichen Dank!<\/p>\n\n\n\n<p>Liebe Freunde, Helfer und G\u00f6nner des Kinderfasnachtsumzuges Sankt Georgen<\/p>\n\n\n\n<p>Schon geh\u00f6rt die diesj\u00e4hrige Narrenzeit wieder der Vergangenheit an. Dank den zahlreichen aufgestellten Fasn\u00e4chtlern war der 20. Sankt Ge\u00f6rglerumzug einmal mehr ein tolles Erlebnis. Diesmal von der Schl\u00f6ssli-Gugge und der Moschtch\u00fcbler-Gugge begleitet, geh\u00f6rte die Strasse f\u00fcr kurze Zeit den vielen farbenfrohen Kindern, die in Gruppen wie auch einzeln ihre originellen Sujets zeigten. Bei idealen Wetterverh\u00e4ltnissen durften wir uns auch \u00fcber die zahlreichen Zuschauer erfreuen. Nach dem Umzug auf dem Schulhausplatz feierten wir bei ausgelassener Stimmung und f\u00e4tzigen Guggenauftritten und die Teilnehmer und Zuschauer konnten sich an unsere Festwirtschaft mit Speis und Trank verpflegen.<\/p>\n\n\n\n<p>Wir vom OK danken allen ganz herzlich, die zum guten Gelingen dieses Anlasses beigetragen haben. Es ist immer wieder sch\u00f6n zu sp\u00fcren, dass wir auf die Mithilfe der Schule, Pfadi, Eltern, Sponsoren und vielen freiwilligen Helfern z\u00e4hlen k\u00f6nnen. Vielen Dank auch f\u00fcr all die positiven R\u00fcckmeldungen und die Wertsch\u00e4tzung f\u00fcr unsere Freiwilligenarbeit im Dienste der Jugend und der Eltern.<\/p>\n\n\n\n<p>Im Namen des Familientreffs<\/p>\n\n\n\n<p>Euer Fasnacht-Team<br>Rahel Betschart, Jens F\u00fcllemann, Corinne K\u00e4ppeli, Alex Roth, Dominik Tacke und Tom Giger<\/p>\n\n\n\nngg_shortcode_0_placeholder\n","protected":false},"excerpt":{"rendered":"<p>Herzlichen Dank! Liebe Freunde, Helfer und G\u00f6nner des Kinderfasnachtsumzuges Sankt [&hellip;]<\/p>\n","protected":false},"author":1,"featured_media":5996,"comment_status":"closed","ping_status":"closed","sticky":false,"template":"","format":"standard","meta":{"ngg_post_thumbnail":4342,"footnotes":""},"categories":[38,52],"tags":[],"class_list":["post-5972","post","type-post","status-publish","format-standard","has-post-thumbnail","hentry","category-rueckblicke","category-rueckblicke-2023"],"_links":{"self":[{"href":"https:\/\/familientreff-sg.ch\/index.php?rest_route=\/wp\/v2\/posts\/5972","targetHints":{"allow":["GET"]}}],"collection":[{"href":"https:\/\/familientreff-sg.ch\/index.php?rest_route=\/wp\/v2\/posts"}],"about":[{"href":"https:\/\/familientreff-sg.ch\/index.php?rest_route=\/wp\/v2\/types\/post"}],"author":[{"embeddable":true,"href":"https:\/\/familientreff-sg.ch\/index.php?rest_route=\/wp\/v2\/users\/1"}],"replies":[{"embeddable":true,"href":"https:\/\/familientreff-sg.ch\/index.php?rest_route=%2Fwp%2Fv2%2Fcomments&post=5972"}],"version-history":[{"count":2,"href":"https:\/\/familientreff-sg.ch\/index.php?rest_route=\/wp\/v2\/posts\/5972\/revisions"}],"predecessor-version":[{"id":5995,"href":"https:\/\/familientreff-sg.ch\/index.php?rest_route=\/wp\/v2\/posts\/5972\/revisions\/5995"}],"wp:featuredmedia":[{"embeddable":true,"href":"https:\/\/familientreff-sg.ch\/index.php?rest_route=\/wp\/v2\/media\/5996"}],"wp:attachment":[{"href":"https:\/\/familientreff-sg.ch\/index.php?rest_route=%2Fwp%2Fv2%2Fmedia&parent=5972"}],"wp:term":[{"taxonomy":"category","embeddable":true,"href":"https:\/\/familientreff-sg.ch\/index.php?rest_route=%2Fwp%2Fv2%2Fcategories&post=5972"},{"taxonomy":"post_tag","embeddable":true,"href":"https:\/\/familientreff-sg.ch\/index.php?rest_route=%2Fwp%2Fv2%2Ftags&post=5972"}],"curies":[{"name":"wp","href":"https:\/\/api.w.org\/{rel}","templated":true}]}}