{"id":5935,"date":"2023-03-05T19:01:33","date_gmt":"2023-03-05T18:01:33","guid":{"rendered":"https:\/\/familientreff-sg.ch\/?p=5935"},"modified":"2023-03-05T19:01:34","modified_gmt":"2023-03-05T18:01:34","slug":"gritibenzen","status":"publish","type":"post","link":"https:\/\/familientreff-sg.ch\/?p=5935","title":{"rendered":"Gritibenzen"},"content":{"rendered":"\n<p>Herzlichen Dank, Familie Weder:<\/p>\n\n\n\n<p>Wenn Ende November Kinder erwartungsvoll in die Backstube Weder laufen und einige Zeit sp\u00e4ter mit leuchtenden Augen und gef\u00fcllten S\u00e4ckli zusammen mit einem feinen Duft wieder nach draussen str\u00f6men, wissen die St. Ge\u00f6rgler: Die Grittib\u00e4nze sind los! Und so durften wir auch dieses Mal wieder mit vielen Kindern aus dem Kindergarten und der Primarschule zum Grittib\u00e4nz-Nachmittag am 28. November 2022 zu euch, liebe Familie Weder, kommen. Den Teig herstellen, die Grittib\u00e4nze formen, die lustigen Kerle verzieren und sie anschliessend in den grossen Ofen geben zum Backen, all dies durften wir bei euch erleben. Und obwohl ihr diesen Nachmittag bereits so viele Jahre f\u00fcr die Kinder im Quartier erm\u00f6glicht, ist es sch\u00f6n zu sehen, wieviel Herzblut und Engagement ihr jedes Mal wieder aufs Neue einbringt. F\u00fcr uns war es das erste Mal, dass wir den Anlass f\u00fcr den Familientreff organisieren durften. Daher m\u00f6chten wir uns nicht nur bei euch herzlich bedanken, sondern auch ganz besonders bei Mirjam Osterwalder, die bisher den Anlass organisiert hat. Sie hat uns all ihre Erfahrung und Tipps weitergegeben und konnte sogar noch ein letztes Mal dabei sein.<\/p>\n\n\n\n<p>Vielen herzlichen Dank und bis zum n\u00e4chsten Mal.<\/p>\n\n\n\n<p>Sabine Nef und Steffi Leimeister f\u00fcr den Familientreff St. Georgen<\/p>\n\n\n\n<figure class=\"wp-block-image size-large\"><img loading=\"lazy\" decoding=\"async\" width=\"1024\" height=\"771\" src=\"https:\/\/familientreff-sg.ch\/wp-content\/uploads\/2023\/03\/gritibaenze-1024x771.jpg\" alt=\"\" class=\"wp-image-5937\" srcset=\"https:\/\/familientreff-sg.ch\/wp-content\/uploads\/2023\/03\/gritibaenze-1024x771.jpg 1024w, https:\/\/familientreff-sg.ch\/wp-content\/uploads\/2023\/03\/gritibaenze-300x226.jpg 300w, https:\/\/familientreff-sg.ch\/wp-content\/uploads\/2023\/03\/gritibaenze-768x579.jpg 768w, https:\/\/familientreff-sg.ch\/wp-content\/uploads\/2023\/03\/gritibaenze-1536x1157.jpg 1536w, https:\/\/familientreff-sg.ch\/wp-content\/uploads\/2023\/03\/gritibaenze-2048x1543.jpg 2048w\" sizes=\"auto, (max-width: 1024px) 100vw, 1024px\" \/><\/figure>\n\n\n\n<p><\/p>\n","protected":false},"excerpt":{"rendered":"<p>Herzlichen Dank, Familie Weder: Wenn Ende November Kinder erwartungsvoll in [&hellip;]<\/p>\n","protected":false},"author":1,"featured_media":183,"comment_status":"open","ping_status":"closed","sticky":false,"template":"","format":"standard","meta":{"ngg_post_thumbnail":0,"footnotes":""},"categories":[38,50],"tags":[],"class_list":["post-5935","post","type-post","status-publish","format-standard","has-post-thumbnail","hentry","category-rueckblicke","category-rueckblicke-2022"],"_links":{"self":[{"href":"https:\/\/familientreff-sg.ch\/index.php?rest_route=\/wp\/v2\/posts\/5935","targetHints":{"allow":["GET"]}}],"collection":[{"href":"https:\/\/familientreff-sg.ch\/index.php?rest_route=\/wp\/v2\/posts"}],"about":[{"href":"https:\/\/familientreff-sg.ch\/index.php?rest_route=\/wp\/v2\/types\/post"}],"author":[{"embeddable":true,"href":"https:\/\/familientreff-sg.ch\/index.php?rest_route=\/wp\/v2\/users\/1"}],"replies":[{"embeddable":true,"href":"https:\/\/familientreff-sg.ch\/index.php?rest_route=%2Fwp%2Fv2%2Fcomments&post=5935"}],"version-history":[{"count":1,"href":"https:\/\/familientreff-sg.ch\/index.php?rest_route=\/wp\/v2\/posts\/5935\/revisions"}],"predecessor-version":[{"id":5938,"href":"https:\/\/familientreff-sg.ch\/index.php?rest_route=\/wp\/v2\/posts\/5935\/revisions\/5938"}],"wp:featuredmedia":[{"embeddable":true,"href":"https:\/\/familientreff-sg.ch\/index.php?rest_route=\/wp\/v2\/media\/183"}],"wp:attachment":[{"href":"https:\/\/familientreff-sg.ch\/index.php?rest_route=%2Fwp%2Fv2%2Fmedia&parent=5935"}],"wp:term":[{"taxonomy":"category","embeddable":true,"href":"https:\/\/familientreff-sg.ch\/index.php?rest_route=%2Fwp%2Fv2%2Fcategories&post=5935"},{"taxonomy":"post_tag","embeddable":true,"href":"https:\/\/familientreff-sg.ch\/index.php?rest_route=%2Fwp%2Fv2%2Ftags&post=5935"}],"curies":[{"name":"wp","href":"https:\/\/api.w.org\/{rel}","templated":true}]}}