{"id":5748,"date":"2022-09-26T17:31:17","date_gmt":"2022-09-26T15:31:17","guid":{"rendered":"https:\/\/familientreff-sg.ch\/?p=5748"},"modified":"2022-09-26T17:32:25","modified_gmt":"2022-09-26T15:32:25","slug":"kinderkleiderboerse-herbst-winter-2022","status":"publish","type":"post","link":"https:\/\/familientreff-sg.ch\/?p=5748","title":{"rendered":"Kinderkleiderb\u00f6rse Herbst\/Winter 2022"},"content":{"rendered":"\n<p>An der diesj\u00e4hrigen Kinderkleiderb\u00f6rse konnten wir im evang. Kirchgemeindehaus einen erfolgreichen B\u00f6rsennachmittag erleben. Gut erhaltene und sch\u00f6ne Kleider, Schuhe und tolle Spielsachen fanden ein neues Pl\u00e4tzli und k\u00f6nnen weiter genutzt werden. <\/p>\n\n\n\n<p>Nach dem Shopping gab es Sirup, Kaffee und leckeren Kuchen. <\/p>\n\n\n\n<p>Die Spende \u00fcberweisen wir dieses Mal an die Najude Pioneer Schule\u00a0<a href=\"https:\/\/www.najude-pioneer-school.org\/\" target=\"_blank\" rel=\"noreferrer noopener\">https:\/\/www.najude-pioneer-school.org<\/a>\u00a0in Nigeria. <\/p>\n\n\n\n<p>Es war ein toller B\u00f6rsennachmittag und wir danken an dieser Stelle allen fleissigen Helfer und Helferinnen f\u00fcr Ihre tatkr\u00e4ftige Unterst\u00fctzung.<\/p>\n\n\n<div class=\"wp-block-image\">\n<figure class=\"aligncenter size-large\"><img loading=\"lazy\" decoding=\"async\" width=\"576\" height=\"1024\" src=\"https:\/\/familientreff-sg.ch\/wp-content\/uploads\/2022\/09\/Herbstboerse22-576x1024.jpg\" alt=\"\" class=\"wp-image-5749\" srcset=\"https:\/\/familientreff-sg.ch\/wp-content\/uploads\/2022\/09\/Herbstboerse22-576x1024.jpg 576w, https:\/\/familientreff-sg.ch\/wp-content\/uploads\/2022\/09\/Herbstboerse22-169x300.jpg 169w, https:\/\/familientreff-sg.ch\/wp-content\/uploads\/2022\/09\/Herbstboerse22-768x1365.jpg 768w, https:\/\/familientreff-sg.ch\/wp-content\/uploads\/2022\/09\/Herbstboerse22-864x1536.jpg 864w, https:\/\/familientreff-sg.ch\/wp-content\/uploads\/2022\/09\/Herbstboerse22.jpg 1080w\" sizes=\"auto, (max-width: 576px) 100vw, 576px\" \/><\/figure>\n<\/div>","protected":false},"excerpt":{"rendered":"<p>An der diesj\u00e4hrigen Kinderkleiderb\u00f6rse konnten wir im evang. Kirchgemeindehaus einen [&hellip;]<\/p>\n","protected":false},"author":1,"featured_media":5749,"comment_status":"closed","ping_status":"closed","sticky":false,"template":"","format":"standard","meta":{"ngg_post_thumbnail":0,"footnotes":""},"categories":[38,50],"tags":[],"class_list":["post-5748","post","type-post","status-publish","format-standard","has-post-thumbnail","hentry","category-rueckblicke","category-rueckblicke-2022"],"_links":{"self":[{"href":"https:\/\/familientreff-sg.ch\/index.php?rest_route=\/wp\/v2\/posts\/5748","targetHints":{"allow":["GET"]}}],"collection":[{"href":"https:\/\/familientreff-sg.ch\/index.php?rest_route=\/wp\/v2\/posts"}],"about":[{"href":"https:\/\/familientreff-sg.ch\/index.php?rest_route=\/wp\/v2\/types\/post"}],"author":[{"embeddable":true,"href":"https:\/\/familientreff-sg.ch\/index.php?rest_route=\/wp\/v2\/users\/1"}],"replies":[{"embeddable":true,"href":"https:\/\/familientreff-sg.ch\/index.php?rest_route=%2Fwp%2Fv2%2Fcomments&post=5748"}],"version-history":[{"count":2,"href":"https:\/\/familientreff-sg.ch\/index.php?rest_route=\/wp\/v2\/posts\/5748\/revisions"}],"predecessor-version":[{"id":5751,"href":"https:\/\/familientreff-sg.ch\/index.php?rest_route=\/wp\/v2\/posts\/5748\/revisions\/5751"}],"wp:featuredmedia":[{"embeddable":true,"href":"https:\/\/familientreff-sg.ch\/index.php?rest_route=\/wp\/v2\/media\/5749"}],"wp:attachment":[{"href":"https:\/\/familientreff-sg.ch\/index.php?rest_route=%2Fwp%2Fv2%2Fmedia&parent=5748"}],"wp:term":[{"taxonomy":"category","embeddable":true,"href":"https:\/\/familientreff-sg.ch\/index.php?rest_route=%2Fwp%2Fv2%2Fcategories&post=5748"},{"taxonomy":"post_tag","embeddable":true,"href":"https:\/\/familientreff-sg.ch\/index.php?rest_route=%2Fwp%2Fv2%2Ftags&post=5748"}],"curies":[{"name":"wp","href":"https:\/\/api.w.org\/{rel}","templated":true}]}}