{"id":5501,"date":"2022-05-26T09:27:51","date_gmt":"2022-05-26T07:27:51","guid":{"rendered":"https:\/\/familientreff-sg.ch\/?p=5501"},"modified":"2022-05-26T10:35:36","modified_gmt":"2022-05-26T08:35:36","slug":"sicher-auf-dem-velo-2022","status":"publish","type":"post","link":"https:\/\/familientreff-sg.ch\/?p=5501","title":{"rendered":"Sicher auf dem Velo 2022"},"content":{"rendered":"\n<p>Am Mittwochen 11.5. 2022 konnten wir unseren beliebten Anlass \u201eSicher auf dem Velo\u201c bei wunderbarem Wetter und mit begeisterten Teilnehmern durchf\u00fchren.<br>18 Kinder haben zusammen mit den Leitern von \u201ePro Velo\u201c die verschiedenen Parkur auf dem Hebelschulhaus absolviert.<br>Mladenka B\u00fcrkler die Verkehrs und -sicherheitsinspektorin von der Polizei St. Gallen hat die Velos der Teilnehmer angeschaut und Hinweise gegeben, wenn noch etwas gefehlt hat oder sonst etwas am Velo nicht verkehrssicher war. Vielen Dank an dieser Stelle f\u00fcr die tatkr\u00e4ftige Unterst\u00fctzung und Pr\u00e4senz. Die Eltern haben in dieser Zeit wichtige Inputs im Bezug auf die Sicherheit mit dem Velo im Strassenverkehr erhalten.<br>Nach einer Pause mit einer feinen Bechinger Olmabratwurst ging\u2019s f\u00fcr alle mit den Velos ins Quartier.&nbsp;<br>Herzlichen Dank an Pro Velo f\u00fcr den super Anlass und Bechingers f\u00fcr ihre Unterst\u00fctzung mit der Lieferung der Bratw\u00fcrste.<br>Wir freuen uns schon auf n\u00e4chstes Jahr.<\/p>\n\n\n\n<p>Maike Kittel vom Familientreff St. Georgen<\/p>\n\n\n\nngg_shortcode_0_placeholder\n","protected":false},"excerpt":{"rendered":"<p>Am Mittwochen 11.5. 2022 konnten wir unseren beliebten Anlass \u201eSicher [&hellip;]<\/p>\n","protected":false},"author":1,"featured_media":5565,"comment_status":"closed","ping_status":"closed","sticky":false,"template":"","format":"standard","meta":{"ngg_post_thumbnail":4313,"footnotes":""},"categories":[38,50],"tags":[],"class_list":["post-5501","post","type-post","status-publish","format-standard","has-post-thumbnail","hentry","category-rueckblicke","category-rueckblicke-2022"],"_links":{"self":[{"href":"https:\/\/familientreff-sg.ch\/index.php?rest_route=\/wp\/v2\/posts\/5501","targetHints":{"allow":["GET"]}}],"collection":[{"href":"https:\/\/familientreff-sg.ch\/index.php?rest_route=\/wp\/v2\/posts"}],"about":[{"href":"https:\/\/familientreff-sg.ch\/index.php?rest_route=\/wp\/v2\/types\/post"}],"author":[{"embeddable":true,"href":"https:\/\/familientreff-sg.ch\/index.php?rest_route=\/wp\/v2\/users\/1"}],"replies":[{"embeddable":true,"href":"https:\/\/familientreff-sg.ch\/index.php?rest_route=%2Fwp%2Fv2%2Fcomments&post=5501"}],"version-history":[{"count":8,"href":"https:\/\/familientreff-sg.ch\/index.php?rest_route=\/wp\/v2\/posts\/5501\/revisions"}],"predecessor-version":[{"id":5575,"href":"https:\/\/familientreff-sg.ch\/index.php?rest_route=\/wp\/v2\/posts\/5501\/revisions\/5575"}],"wp:featuredmedia":[{"embeddable":true,"href":"https:\/\/familientreff-sg.ch\/index.php?rest_route=\/wp\/v2\/media\/5565"}],"wp:attachment":[{"href":"https:\/\/familientreff-sg.ch\/index.php?rest_route=%2Fwp%2Fv2%2Fmedia&parent=5501"}],"wp:term":[{"taxonomy":"category","embeddable":true,"href":"https:\/\/familientreff-sg.ch\/index.php?rest_route=%2Fwp%2Fv2%2Fcategories&post=5501"},{"taxonomy":"post_tag","embeddable":true,"href":"https:\/\/familientreff-sg.ch\/index.php?rest_route=%2Fwp%2Fv2%2Ftags&post=5501"}],"curies":[{"name":"wp","href":"https:\/\/api.w.org\/{rel}","templated":true}]}}